{"id":129,"date":"2023-10-11T09:43:48","date_gmt":"2023-10-11T12:43:48","guid":{"rendered":"https:\/\/www.granos.com.br\/es\/?p=129"},"modified":"2023-10-25T17:14:13","modified_gmt":"2023-10-25T20:14:13","slug":"expectativas-para-el-salon-del-mueble-de-milan-2022","status":"publish","type":"post","link":"https:\/\/www.granos.com.br\/es\/2023\/10\/11\/expectativas-para-el-salon-del-mueble-de-milan-2022\/","title":{"rendered":"Expectativas para el Sal\u00f3n del Mueble de Mil\u00e1n 2022"},"content":{"rendered":"<p>Despu\u00e9s de cancelaciones, aplazamientos y remodelaciones durante la fase cr\u00edtica de la pandemia de Covid 19, el Sal\u00f3n del Mueble de Mil\u00e1n regresa en plena forma para 2022. Un momento \u00fanico que seguramente traer\u00e1 propuestas e inspiraciones \u00fanicas.<\/p>\n<p>Esta demanda reprimida seguramente atraer\u00e1 al evento a mucha gente con ganas de volver a \u201cestar juntos\u201d y, sobre todo, con ganas de ver qu\u00e9 traer\u00e1n las mentes m\u00e1s destacadas del dise\u00f1o de mobiliario, el arte y \u00e1reas afines despu\u00e9s de toda esta experiencia que ha vivido el Los \u00faltimos dos a\u00f1os han proporcionado a la sociedad en general.<\/p>\n<p>Hay gran expectativa ante las colaboraciones (collabs) que se concretan en los m\u00e1s diversos segmentos, ya que la co-creaci\u00f3n de productos y colecciones por m\u00faltiples marcas nunca ha sido tan popular. Es como si el aislamiento que impuso la pandemia tuviera un efecto inverso en este regreso a las actividades, haciendo que todos quisieran estar juntos en un trabajo colaborativo, a trav\u00e9s de la asociaci\u00f3n de estilos, productos y filosof\u00edas. Esta mezcla entre ADN de marcas, que ya se ha producido con fuerza en el mundo de la moda, suele llegar con toda su fuerza al \u00e1mbito del mueble.<\/p>\n<p>&nbsp;<\/p>\n<figure id=\"attachment_1605\" class=\"wp-caption aligncenter\" aria-describedby=\"caption-attachment-1605\">\n<p><div id=\"attachment_1605\" style=\"width: 874px\" class=\"wp-caption alignleft\"><img loading=\"lazy\" decoding=\"async\" aria-describedby=\"caption-attachment-1605\" class=\"wp-image-1605 size-full\" src=\"https:\/\/granos.com.br\/wp-content\/uploads\/2022\/05\/rascunho1.jpeg\" sizes=\"(max-width: 864px) 100vw, 864px\" srcset=\"https:\/\/granos.com.br\/wp-content\/uploads\/2022\/05\/rascunho1.jpeg 864w, https:\/\/granos.com.br\/wp-content\/uploads\/2022\/05\/rascunho1-300x200.jpeg 300w, https:\/\/granos.com.br\/wp-content\/uploads\/2022\/05\/rascunho1-768x511.jpeg 768w\" alt=\"\" width=\"864\" height=\"575\" \/><p id=\"caption-attachment-1605\" class=\"wp-caption-text\"><span class=\"Y2IQFc\" lang=\"es\">Proyecto de Pedro Franco para el Sal\u00f3n del Mueble de Mil\u00e1n 2022.<\/span><\/p><\/div><\/figure>\n<p>Tomando como referencia todo lo que viene sucediendo en las \u00faltimas exposiciones de arquitectura y dise\u00f1o de interiores en Brasil, como Casa Cor, por ejemplo, y eventos internacionales como KBIS en EE.UU., la apreciaci\u00f3n de lo natural tambi\u00e9n es muy esperada, asociada a la org\u00e1nico y probablemente muy bien acompa\u00f1ado del verde como color. Fuertemente impulsado por el atractivo biof\u00edlico que la pandemia trajo a los ambientes interiores, el verde ha ganado espacio a trav\u00e9s de plantas, fibras, maderas y, por supuesto, piedras naturales aplicadas en ambientes que van desde los m\u00e1s minimalistas hasta los m\u00e1s refinados. Parece que despu\u00e9s de tantos \u201cel verde est\u00e1 volviendo\u201d, realmente lleg\u00f3 para quedarse.<\/p>\n<p>Si analizamos m\u00e1s de cerca los desfiles de 2021 y lo que hemos visto en la moda de 2022, creemos que podemos esperar un gran aprecio por lo que puede verse como imperfecto, no sim\u00e9trico, incluso desgastado y desgastado.<\/p>\n<p>Manifiestos que involucran a la sociedad de consumo y alientan una nueva forma de consumir, basada en la sostenibilidad de las relaciones, han cambiado la perspectiva del consumidor para valorar no s\u00f3lo lo \u201cnuevo por lo nuevo\u201d, sino que agudizan la elecci\u00f3n considerando el prop\u00f3sito de la marca, el mensaje que espera transmitir, sus ideales y sus acciones tangibles para construir un ma\u00f1ana mejor.<\/p>\n<p>&nbsp;<\/p>\n<hr \/>\n<h3>Y respecto a la participaci\u00f3n de Granos, \u00bfqu\u00e9 podemos esperar?<\/h3>\n<p><strong>1) Naturalidad<\/strong><\/p>\n<p>S\u00ed, nada m\u00e1s que 100% natural. A diferencia de las copias sint\u00e9ticas, nuestra participaci\u00f3n utilizar\u00e1 piedras naturales de Cear\u00e1 y toda la exuberancia de sus movimientos \u00fanicos y exclusivos.<\/p>\n<p>\u201cSer\/vivir natural\u201d es algo que invadi\u00f3 nuestras vidas durante\/despu\u00e9s de la pandemia, desde la industria de la confecci\u00f3n, pasando por nuestro estilo de vida y llegando a nuestros hogares y ambientes corporativos, con esto las piedras naturales Granos destacan por su belleza natural, duradera y abundante en calidad t\u00e9cnica (resistencia al desgaste, bajo porcentaje de tinci\u00f3n y no reactivo a \u00e1cidos como los de los alimentos).<\/p>\n<p>La naturalidad de los acabados es otro punto que debe estar muy presente en el Sal\u00f3n del Mueble de Mil\u00e1n 2022, texturas que hacen referencia a la piedra en su estado natural, aportando adem\u00e1s de belleza una sensorialidad fuerte y clara, marcar\u00e1n una gran diferencia siguiendo una tendencia ya vistos en el mercado y que deben consolidarse en esta edici\u00f3n de la feria del mueble.<\/p>\n<p><strong>2) Exclusividad<\/strong><\/p>\n<p>Adem\u00e1s de nuestro \u00faltimo lanzamiento, Alamo Navona, la cuarcita Perla Santana tambi\u00e9n estar\u00e1 presente en las piezas presentadas. Ambas son rocas naturales exclusivas de Granos, con texturas que alegran y agregan valor y glocalidad al dise\u00f1o, realzando el producto y el dise\u00f1o brasile\u00f1o inspirado en Brasil y hecho en Brasil.<\/p>\n<p><strong>3) Un nuevo paso hacia una colaboraci\u00f3n llena de prop\u00f3sito<\/strong><\/p>\n<p>Por segundo a\u00f1o, Granos estar\u00e1 junto a Pedro Franco y ALotOf Brasil en el Sal\u00f3n del Mueble de Mil\u00e1n. En la edici\u00f3n anterior, la Colecci\u00f3n Lace destac\u00f3 piezas como la Mesa Noveau, en Perla Santana con aplicaciones mecanizadas de encaje brasile\u00f1o.<\/p>\n<p>Este a\u00f1o, dentro de una alianza llena de afinidad entre las marcas, damos un nuevo paso en el trabajo filos\u00f3fico que iniciamos en Expo Revestir 2022 explorando la Perfecta Imperfecci\u00f3n. Llevaremos a Mil\u00e1n piezas que expresan, de forma po\u00e9tica, nuestra creencia en la incomparable belleza que surge de la imperfecci\u00f3n natural.<\/p>\n","protected":false},"excerpt":{"rendered":"<p>Despu\u00e9s de cancelaciones, aplazamientos y remodelaciones durante la fase cr\u00edtica de la pandemia de Covid 19, el Sal\u00f3n del Mueble de Mil\u00e1n regresa en plena forma para 2022. Un momento \u00fanico que seguramente traer\u00e1 propuestas e inspiraciones \u00fanicas. Esta demanda reprimida seguramente atraer\u00e1 al evento a mucha gente con ganas de volver a \u201cestar juntos\u201d [&hellip;]<\/p>\n","protected":false},"author":1,"featured_media":477,"comment_status":"open","ping_status":"open","sticky":false,"template":"","format":"standard","meta":{"footnotes":""},"categories":[3],"tags":[],"class_list":["post-129","post","type-post","status-publish","format-standard","has-post-thumbnail","hentry","category-tendencias"],"acf":[],"yoast_head":"<!-- This site is optimized with the Yoast SEO plugin v23.1 - https:\/\/yoast.com\/wordpress\/plugins\/seo\/ -->\n<title>Expectativas para el Sal\u00f3n del Mueble de Mil\u00e1n 2022 - Granos es<\/title>\n<meta name=\"robots\" content=\"index, follow, max-snippet:-1, max-image-preview:large, max-video-preview:-1\" \/>\n<link rel=\"canonical\" href=\"https:\/\/www.granos.com.br\/es\/2023\/10\/11\/expectativas-para-el-salon-del-mueble-de-milan-2022\/\" \/>\n<meta property=\"og:locale\" content=\"es_ES\" \/>\n<meta property=\"og:type\" content=\"article\" \/>\n<meta property=\"og:title\" content=\"Expectativas para el Sal\u00f3n del Mueble de Mil\u00e1n 2022 - Granos es\" \/>\n<meta property=\"og:description\" content=\"Despu\u00e9s de cancelaciones, aplazamientos y remodelaciones durante la fase cr\u00edtica de la pandemia de Covid 19, el Sal\u00f3n del Mueble de Mil\u00e1n regresa en plena forma para 2022. Un momento \u00fanico que seguramente traer\u00e1 propuestas e inspiraciones \u00fanicas. Esta demanda reprimida seguramente atraer\u00e1 al evento a mucha gente con ganas de volver a \u201cestar juntos\u201d [&hellip;]\" \/>\n<meta property=\"og:url\" content=\"https:\/\/www.granos.com.br\/es\/2023\/10\/11\/expectativas-para-el-salon-del-mueble-de-milan-2022\/\" \/>\n<meta property=\"og:site_name\" content=\"Granos es\" \/>\n<meta property=\"article:published_time\" content=\"2023-10-11T12:43:48+00:00\" \/>\n<meta property=\"article:modified_time\" content=\"2023-10-25T20:14:13+00:00\" \/>\n<meta property=\"og:image\" content=\"https:\/\/www.granos.com.br\/es\/wp-content\/uploads\/sites\/3\/2023\/10\/GRANOS-52-1024x577-1.jpg\" \/>\n\t<meta property=\"og:image:width\" content=\"1024\" \/>\n\t<meta property=\"og:image:height\" content=\"577\" \/>\n\t<meta property=\"og:image:type\" content=\"image\/jpeg\" \/>\n<meta name=\"author\" content=\"index\" \/>\n<meta name=\"twitter:card\" content=\"summary_large_image\" \/>\n<meta name=\"twitter:label1\" content=\"Escrito por\" \/>\n\t<meta name=\"twitter:data1\" content=\"index\" \/>\n\t<meta name=\"twitter:label2\" content=\"Tiempo de lectura\" \/>\n\t<meta name=\"twitter:data2\" content=\"4 minutos\" \/>\n<script type=\"application\/ld+json\" class=\"yoast-schema-graph\">{\"@context\":\"https:\/\/schema.org\",\"@graph\":[{\"@type\":\"WebPage\",\"@id\":\"https:\/\/www.granos.com.br\/es\/2023\/10\/11\/expectativas-para-el-salon-del-mueble-de-milan-2022\/\",\"url\":\"https:\/\/www.granos.com.br\/es\/2023\/10\/11\/expectativas-para-el-salon-del-mueble-de-milan-2022\/\",\"name\":\"Expectativas para el Sal\u00f3n del Mueble de Mil\u00e1n 2022 - Granos es\",\"isPartOf\":{\"@id\":\"https:\/\/www.granos.com.br\/es\/#website\"},\"primaryImageOfPage\":{\"@id\":\"https:\/\/www.granos.com.br\/es\/2023\/10\/11\/expectativas-para-el-salon-del-mueble-de-milan-2022\/#primaryimage\"},\"image\":{\"@id\":\"https:\/\/www.granos.com.br\/es\/2023\/10\/11\/expectativas-para-el-salon-del-mueble-de-milan-2022\/#primaryimage\"},\"thumbnailUrl\":\"https:\/\/www.granos.com.br\/es\/wp-content\/uploads\/sites\/3\/2023\/10\/GRANOS-52-1024x577-1.jpg\",\"datePublished\":\"2023-10-11T12:43:48+00:00\",\"dateModified\":\"2023-10-25T20:14:13+00:00\",\"author\":{\"@id\":\"https:\/\/www.granos.com.br\/es\/#\/schema\/person\/fedcc55b834c33ee71bf5640bb56f41d\"},\"breadcrumb\":{\"@id\":\"https:\/\/www.granos.com.br\/es\/2023\/10\/11\/expectativas-para-el-salon-del-mueble-de-milan-2022\/#breadcrumb\"},\"inLanguage\":\"es\",\"potentialAction\":[{\"@type\":\"ReadAction\",\"target\":[\"https:\/\/www.granos.com.br\/es\/2023\/10\/11\/expectativas-para-el-salon-del-mueble-de-milan-2022\/\"]}]},{\"@type\":\"ImageObject\",\"inLanguage\":\"es\",\"@id\":\"https:\/\/www.granos.com.br\/es\/2023\/10\/11\/expectativas-para-el-salon-del-mueble-de-milan-2022\/#primaryimage\",\"url\":\"https:\/\/www.granos.com.br\/es\/wp-content\/uploads\/sites\/3\/2023\/10\/GRANOS-52-1024x577-1.jpg\",\"contentUrl\":\"https:\/\/www.granos.com.br\/es\/wp-content\/uploads\/sites\/3\/2023\/10\/GRANOS-52-1024x577-1.jpg\",\"width\":1024,\"height\":577},{\"@type\":\"BreadcrumbList\",\"@id\":\"https:\/\/www.granos.com.br\/es\/2023\/10\/11\/expectativas-para-el-salon-del-mueble-de-milan-2022\/#breadcrumb\",\"itemListElement\":[{\"@type\":\"ListItem\",\"position\":1,\"name\":\"In\u00edcio\",\"item\":\"https:\/\/www.granos.com.br\/es\/\"},{\"@type\":\"ListItem\",\"position\":2,\"name\":\"Expectativas para el Sal\u00f3n del Mueble de Mil\u00e1n 2022\"}]},{\"@type\":\"WebSite\",\"@id\":\"https:\/\/www.granos.com.br\/es\/#website\",\"url\":\"https:\/\/www.granos.com.br\/es\/\",\"name\":\"Granos es\",\"description\":\"\",\"potentialAction\":[{\"@type\":\"SearchAction\",\"target\":{\"@type\":\"EntryPoint\",\"urlTemplate\":\"https:\/\/www.granos.com.br\/es\/?s={search_term_string}\"},\"query-input\":\"required name=search_term_string\"}],\"inLanguage\":\"es\"},{\"@type\":\"Person\",\"@id\":\"https:\/\/www.granos.com.br\/es\/#\/schema\/person\/fedcc55b834c33ee71bf5640bb56f41d\",\"name\":\"index\",\"image\":{\"@type\":\"ImageObject\",\"inLanguage\":\"es\",\"@id\":\"https:\/\/www.granos.com.br\/es\/#\/schema\/person\/image\/\",\"url\":\"https:\/\/secure.gravatar.com\/avatar\/de1e9553da5af0518e96c34058e3beed?s=96&d=mm&r=g\",\"contentUrl\":\"https:\/\/secure.gravatar.com\/avatar\/de1e9553da5af0518e96c34058e3beed?s=96&d=mm&r=g\",\"caption\":\"index\"},\"sameAs\":[\"https:\/\/dev.indexvirtual.com\/granos\"],\"url\":\"https:\/\/www.granos.com.br\/es\/author\/index\/\"}]}<\/script>\n<!-- \/ Yoast SEO plugin. -->","yoast_head_json":{"title":"Expectativas para el Sal\u00f3n del Mueble de Mil\u00e1n 2022 - Granos es","robots":{"index":"index","follow":"follow","max-snippet":"max-snippet:-1","max-image-preview":"max-image-preview:large","max-video-preview":"max-video-preview:-1"},"canonical":"https:\/\/www.granos.com.br\/es\/2023\/10\/11\/expectativas-para-el-salon-del-mueble-de-milan-2022\/","og_locale":"es_ES","og_type":"article","og_title":"Expectativas para el Sal\u00f3n del Mueble de Mil\u00e1n 2022 - Granos es","og_description":"Despu\u00e9s de cancelaciones, aplazamientos y remodelaciones durante la fase cr\u00edtica de la pandemia de Covid 19, el Sal\u00f3n del Mueble de Mil\u00e1n regresa en plena forma para 2022. Un momento \u00fanico que seguramente traer\u00e1 propuestas e inspiraciones \u00fanicas. Esta demanda reprimida seguramente atraer\u00e1 al evento a mucha gente con ganas de volver a \u201cestar juntos\u201d [&hellip;]","og_url":"https:\/\/www.granos.com.br\/es\/2023\/10\/11\/expectativas-para-el-salon-del-mueble-de-milan-2022\/","og_site_name":"Granos es","article_published_time":"2023-10-11T12:43:48+00:00","article_modified_time":"2023-10-25T20:14:13+00:00","og_image":[{"width":1024,"height":577,"url":"https:\/\/www.granos.com.br\/es\/wp-content\/uploads\/sites\/3\/2023\/10\/GRANOS-52-1024x577-1.jpg","type":"image\/jpeg"}],"author":"index","twitter_card":"summary_large_image","twitter_misc":{"Escrito por":"index","Tiempo de lectura":"4 minutos"},"schema":{"@context":"https:\/\/schema.org","@graph":[{"@type":"WebPage","@id":"https:\/\/www.granos.com.br\/es\/2023\/10\/11\/expectativas-para-el-salon-del-mueble-de-milan-2022\/","url":"https:\/\/www.granos.com.br\/es\/2023\/10\/11\/expectativas-para-el-salon-del-mueble-de-milan-2022\/","name":"Expectativas para el Sal\u00f3n del Mueble de Mil\u00e1n 2022 - Granos es","isPartOf":{"@id":"https:\/\/www.granos.com.br\/es\/#website"},"primaryImageOfPage":{"@id":"https:\/\/www.granos.com.br\/es\/2023\/10\/11\/expectativas-para-el-salon-del-mueble-de-milan-2022\/#primaryimage"},"image":{"@id":"https:\/\/www.granos.com.br\/es\/2023\/10\/11\/expectativas-para-el-salon-del-mueble-de-milan-2022\/#primaryimage"},"thumbnailUrl":"https:\/\/www.granos.com.br\/es\/wp-content\/uploads\/sites\/3\/2023\/10\/GRANOS-52-1024x577-1.jpg","datePublished":"2023-10-11T12:43:48+00:00","dateModified":"2023-10-25T20:14:13+00:00","author":{"@id":"https:\/\/www.granos.com.br\/es\/#\/schema\/person\/fedcc55b834c33ee71bf5640bb56f41d"},"breadcrumb":{"@id":"https:\/\/www.granos.com.br\/es\/2023\/10\/11\/expectativas-para-el-salon-del-mueble-de-milan-2022\/#breadcrumb"},"inLanguage":"es","potentialAction":[{"@type":"ReadAction","target":["https:\/\/www.granos.com.br\/es\/2023\/10\/11\/expectativas-para-el-salon-del-mueble-de-milan-2022\/"]}]},{"@type":"ImageObject","inLanguage":"es","@id":"https:\/\/www.granos.com.br\/es\/2023\/10\/11\/expectativas-para-el-salon-del-mueble-de-milan-2022\/#primaryimage","url":"https:\/\/www.granos.com.br\/es\/wp-content\/uploads\/sites\/3\/2023\/10\/GRANOS-52-1024x577-1.jpg","contentUrl":"https:\/\/www.granos.com.br\/es\/wp-content\/uploads\/sites\/3\/2023\/10\/GRANOS-52-1024x577-1.jpg","width":1024,"height":577},{"@type":"BreadcrumbList","@id":"https:\/\/www.granos.com.br\/es\/2023\/10\/11\/expectativas-para-el-salon-del-mueble-de-milan-2022\/#breadcrumb","itemListElement":[{"@type":"ListItem","position":1,"name":"In\u00edcio","item":"https:\/\/www.granos.com.br\/es\/"},{"@type":"ListItem","position":2,"name":"Expectativas para el Sal\u00f3n del Mueble de Mil\u00e1n 2022"}]},{"@type":"WebSite","@id":"https:\/\/www.granos.com.br\/es\/#website","url":"https:\/\/www.granos.com.br\/es\/","name":"Granos es","description":"","potentialAction":[{"@type":"SearchAction","target":{"@type":"EntryPoint","urlTemplate":"https:\/\/www.granos.com.br\/es\/?s={search_term_string}"},"query-input":"required name=search_term_string"}],"inLanguage":"es"},{"@type":"Person","@id":"https:\/\/www.granos.com.br\/es\/#\/schema\/person\/fedcc55b834c33ee71bf5640bb56f41d","name":"index","image":{"@type":"ImageObject","inLanguage":"es","@id":"https:\/\/www.granos.com.br\/es\/#\/schema\/person\/image\/","url":"https:\/\/secure.gravatar.com\/avatar\/de1e9553da5af0518e96c34058e3beed?s=96&d=mm&r=g","contentUrl":"https:\/\/secure.gravatar.com\/avatar\/de1e9553da5af0518e96c34058e3beed?s=96&d=mm&r=g","caption":"index"},"sameAs":["https:\/\/dev.indexvirtual.com\/granos"],"url":"https:\/\/www.granos.com.br\/es\/author\/index\/"}]}},"_links":{"self":[{"href":"https:\/\/www.granos.com.br\/es\/wp-json\/wp\/v2\/posts\/129"}],"collection":[{"href":"https:\/\/www.granos.com.br\/es\/wp-json\/wp\/v2\/posts"}],"about":[{"href":"https:\/\/www.granos.com.br\/es\/wp-json\/wp\/v2\/types\/post"}],"author":[{"embeddable":true,"href":"https:\/\/www.granos.com.br\/es\/wp-json\/wp\/v2\/users\/1"}],"replies":[{"embeddable":true,"href":"https:\/\/www.granos.com.br\/es\/wp-json\/wp\/v2\/comments?post=129"}],"version-history":[{"count":4,"href":"https:\/\/www.granos.com.br\/es\/wp-json\/wp\/v2\/posts\/129\/revisions"}],"predecessor-version":[{"id":695,"href":"https:\/\/www.granos.com.br\/es\/wp-json\/wp\/v2\/posts\/129\/revisions\/695"}],"wp:featuredmedia":[{"embeddable":true,"href":"https:\/\/www.granos.com.br\/es\/wp-json\/wp\/v2\/media\/477"}],"wp:attachment":[{"href":"https:\/\/www.granos.com.br\/es\/wp-json\/wp\/v2\/media?parent=129"}],"wp:term":[{"taxonomy":"category","embeddable":true,"href":"https:\/\/www.granos.com.br\/es\/wp-json\/wp\/v2\/categories?post=129"},{"taxonomy":"post_tag","embeddable":true,"href":"https:\/\/www.granos.com.br\/es\/wp-json\/wp\/v2\/tags?post=129"}],"curies":[{"name":"wp","href":"https:\/\/api.w.org\/{rel}","templated":true}]}}